{"id":2449,"date":"2022-08-26T16:26:58","date_gmt":"2022-08-26T14:26:58","guid":{"rendered":"https:\/\/moderaterna.se\/kalmar\/?p=2449"},"modified":"2022-08-27T12:09:49","modified_gmt":"2022-08-27T10:09:49","slug":"moderaterna-kommer-att-ta-bort-socialdemokraternas-amnestigrund-for-vuxna-efter-valet","status":"publish","type":"post","link":"https:\/\/moderaterna.se\/kalmar\/nyhet\/moderaterna-kommer-att-ta-bort-socialdemokraternas-amnestigrund-for-vuxna-efter-valet\/","title":{"rendered":"Moderaterna kommer att ta bort Socialdemokraternas amnestigrund f\u00f6r vuxna efter valet"},"content":{"rendered":"\n<p class=\"has-medium-font-size\">Sverige har haft en historisk h\u00f6g invandring sedan 2014. Den h\u00f6ga invandringen och den d\u00e5ligt fungerande integrationen har skapat ett stort utanf\u00f6rskap i Sverige. Socialdemokraterna p\u00e5st\u00e5r att de har lagt om migrationspolitiken \u2013 samtidigt har de inf\u00f6rt en ny amnestigrund f\u00f6r vuxna asyls\u00f6kande. Moderaterna vill minska invandringen och kommer att avskaffa den amnestigrund som Socialdemokraterna har inf\u00f6rt.<\/p>\n\n\n\n<p>Sverige har under l\u00e5ng tid haft en stor invandring. Sedan 2014 har 830&nbsp;000 m\u00e4nniskor invandrat till Sverige, varav 360&nbsp;000 asyls\u00f6kande. Den stora invandringen i kombination med den d\u00e5liga integrationen har bidragit till ett stort utanf\u00f6rskap i Sverige. Utanf\u00f6rskapet tar sig uttryck i bidragsberoende, tr\u00e5ngboddhet och kriminalitet.<\/p>\n\n\n\n<p>Socialdemokraterna sl\u00e5r sig ofta f\u00f6r br\u00f6stet och s\u00e4ger att de har lagt om migrationspolitiken. Det st\u00e4mmer inte \u2013 de har inte gjort mer \u00e4n vad de absolut m\u00e5ste. Socialdemokraterna har dessutom inf\u00f6rt en ny amnestigrund i lagstiftningen som inneb\u00e4r att m\u00e4nniskor utan asylsk\u00e4l kan f\u00e5 r\u00e4tt att stanna i Sverige.&nbsp;<\/p>\n\n\n\n<h2 class=\"wp-block-heading\" id=\"h-vad-innebar-socialdemokraternas-amnestigrund-for-vuxna\">Vad inneb\u00e4r Socialdemokraternas amnestigrund f\u00f6r vuxna?<\/h2>\n\n\n\n<p>I Sverige kan en person som har asylsk\u00e4l&nbsp;<a href=\"https:\/\/www.migrationsverket.se\/Privatpersoner\/Skydd-och-asyl-i-Sverige\/Att-ansoka-om-asyl\/Asylregler.html\">antingen&nbsp;<\/a>f\u00e5 uppeh\u00e5llstillst\u00e5nd som flykting, vilket f\u00f6ljer av FN:s flyktingkonvention, eller som alternativt skyddsbeh\u00f6vande, vilket f\u00f6ljer av EU:s skyddsgrundsdirektiv. Det \u00e4r personer som har asylsk\u00e4l som kan f\u00e5 uppeh\u00e5llstillst\u00e5nd p\u00e5 n\u00e5gon av dessa grunder.<\/p>\n\n\n\n<p>Socialdemokraterna inf\u00f6rde i juni 2021 en ny amnestigrund som ger r\u00e4tt till uppeh\u00e5llstillst\u00e5nd f\u00f6r personer som saknar asylsk\u00e4l. Det inneb\u00e4r att personer som inte \u00e4r flyktingar, inte riskerar att uts\u00e4ttas f\u00f6r f\u00f6rf\u00f6ljelse eller v\u00e5ld, f\u00e5r uppeh\u00e5llstillst\u00e5nd om det finns synnerligen \u00f6mmande sk\u00e4l. Det kan exempelvis handla om att personen har vistats i Sverige under l\u00e5ng tid.<\/p>\n\n\n\n<h2 class=\"wp-block-heading\" id=\"h-hur-manga-har-fatt-uppehallstillstand-pa-grund-av-socialdemokraternas-amnestigrund\">Hur m\u00e5nga har f\u00e5tt uppeh\u00e5llstillst\u00e5nd p\u00e5 grund av Socialdemokraternas amnestigrund?<\/h2>\n\n\n\n<p>Socialdemokraternas amnestigrund har inneburit en \u00f6kning av uppeh\u00e5llstillst\u00e5nd f\u00f6r s\u00e4rskilt \u00f6mmande sk\u00e4l med n\u00e4stan fyra g\u00e5nger. Det handlar om cirka 800 uppeh\u00e5llstillst\u00e5nd under tolv m\u00e5nader efter att amnestigrunden b\u00f6rjade g\u00e4lla. Det kan j\u00e4mf\u00f6ras med att Sverige beviljade 11&nbsp;000 uppeh\u00e5llstillst\u00e5nd f\u00f6r personer som har asylsk\u00e4l under 2021.<\/p>\n\n\n\n<h2 class=\"wp-block-heading\" id=\"h-varfor-vill-moderaterna-avskaffa-amnestigrunden\">Varf\u00f6r vill Moderaterna avskaffa amnestigrunden?<\/h2>\n\n\n\n<p>D\u00e4rf\u00f6r att det \u00e4r oh\u00e5llbart att ge amnesti till personer utan asylsk\u00e4l. Personer som saknar asylsk\u00e4l ska heller inte ha r\u00e4tt till uppeh\u00e5llstillst\u00e5nd i Sverige. Sverige beh\u00f6ver en stram invandring f\u00f6r m\u00e5nga \u00e5r fram\u00f6ver om vi ska kunna klara integrationen. Annars riskerar utanf\u00f6rskapet att bita sig fast och problem med kriminalitet och bidragsberoende bli st\u00f6rre.<\/p>\n\n\n\n<p><a href=\"https:\/\/moderaterna.se\/var-politik\/migrationspolitik\/\">L\u00e4s mer om Moderaternas migrationspolitik h\u00e4r<\/a><\/p>\n","protected":false},"excerpt":{"rendered":"<p>Sverige har haft en historisk h\u00f6g invandring sedan 2014. Den h\u00f6ga invandringen och den d\u00e5ligt fungerande integrationen har skapat ett stort utanf\u00f6rskap i Sverige. Socialdemokraterna p\u00e5st\u00e5r att de har lagt om migrationspolitiken \u2013 samtidigt har de inf\u00f6rt en ny amnestigrund f\u00f6r vuxna asyls\u00f6kande. Moderaterna vill minska invandringen och kommer att avskaffa den amnestigrund som Socialdemokraterna [&hellip;]<\/p>\n","protected":false},"author":32,"featured_media":0,"comment_status":"closed","ping_status":"closed","sticky":false,"template":"","format":"standard","meta":{"_acf_changed":false,"_relevanssi_hide_post":"","_relevanssi_hide_content":"","_relevanssi_pin_for_all":"","_relevanssi_pin_keywords":"","_relevanssi_unpin_keywords":"","_relevanssi_related_keywords":"","_relevanssi_related_include_ids":"","_relevanssi_related_exclude_ids":"","_relevanssi_related_no_append":"","_relevanssi_related_not_related":"","_relevanssi_related_posts":"","_relevanssi_noindex_reason":"","footnotes":""},"categories":[1],"tags":[],"subject":[],"class_list":["post-2449","post","type-post","status-publish","format-standard","hentry","category-nyhet"],"acf":[],"publishpress_future_action":{"enabled":false,"date":"2026-05-06 15:52:23","action":"change-status","newStatus":"draft","terms":[],"taxonomy":"category"},"_links":{"self":[{"href":"https:\/\/moderaterna.se\/kalmar\/wp-json\/wp\/v2\/posts\/2449","targetHints":{"allow":["GET"]}}],"collection":[{"href":"https:\/\/moderaterna.se\/kalmar\/wp-json\/wp\/v2\/posts"}],"about":[{"href":"https:\/\/moderaterna.se\/kalmar\/wp-json\/wp\/v2\/types\/post"}],"author":[{"embeddable":true,"href":"https:\/\/moderaterna.se\/kalmar\/wp-json\/wp\/v2\/users\/32"}],"replies":[{"embeddable":true,"href":"https:\/\/moderaterna.se\/kalmar\/wp-json\/wp\/v2\/comments?post=2449"}],"version-history":[{"count":3,"href":"https:\/\/moderaterna.se\/kalmar\/wp-json\/wp\/v2\/posts\/2449\/revisions"}],"predecessor-version":[{"id":2457,"href":"https:\/\/moderaterna.se\/kalmar\/wp-json\/wp\/v2\/posts\/2449\/revisions\/2457"}],"wp:attachment":[{"href":"https:\/\/moderaterna.se\/kalmar\/wp-json\/wp\/v2\/media?parent=2449"}],"wp:term":[{"taxonomy":"category","embeddable":true,"href":"https:\/\/moderaterna.se\/kalmar\/wp-json\/wp\/v2\/categories?post=2449"},{"taxonomy":"post_tag","embeddable":true,"href":"https:\/\/moderaterna.se\/kalmar\/wp-json\/wp\/v2\/tags?post=2449"},{"taxonomy":"subject","embeddable":true,"href":"https:\/\/moderaterna.se\/kalmar\/wp-json\/wp\/v2\/subject?post=2449"}],"curies":[{"name":"wp","href":"https:\/\/api.w.org\/{rel}","templated":true}]}}