{"id":2413,"date":"2022-08-24T16:22:07","date_gmt":"2022-08-24T14:22:07","guid":{"rendered":"https:\/\/moderaterna.se\/kalmar\/?p=2413"},"modified":"2022-08-25T09:16:56","modified_gmt":"2022-08-25T07:16:56","slug":"debatt-regionens-industriforum-mycket-snack-men-ingen-verkstad","status":"publish","type":"post","link":"https:\/\/moderaterna.se\/kalmar\/nyhet\/debatt-regionens-industriforum-mycket-snack-men-ingen-verkstad\/","title":{"rendered":"Debatt: Regionens industriforum \u2013 mycket snack men ingen verkstad"},"content":{"rendered":"\n<p class=\"has-medium-font-size\">Industrin \u00e4r helt avg\u00f6rande f\u00f6r Kalmar l\u00e4ns framtid. S\u00e5 n\u00e4r den S-ledda majoriteten f\u00f6rra \u00e5ret drog ig\u00e5ng ett forum f\u00f6r att fr\u00e4mja industrin i l\u00e4net l\u00e4t det b\u00e5de r\u00e4tt och vettigt.<\/p>\n\n\n\n<p>Tyv\u00e4rr m\u00e5ste vi konstatera att forumet har varit ett fiasko. \u00c4nnu ett \u00e5r efter att forumet startades finns det ingen klarhet om vad forumet ska ha f\u00f6r syfte eller hur det ska arbeta. Det \u00e4r fortfarande oklart vilka fr\u00e5gor som ska diskuteras i forumet. Det har varit mycket snack men ingen verkstad. Industrins st\u00e4llning i l\u00e4net har inte st\u00e4rkts ett jota.<\/p>\n\n\n\n<p>Tv\u00e4rtom har industriforumet blivit en pinsam undanflykt, ett s\u00e4tt att ge sken av n\u00e4ringslivsfr\u00e4mjande d\u00e4r det inte finns n\u00e5gon t\u00e4ckning i verkligheten. Det \u00e4r till exempel ingen sj\u00e4lvklarhet att energifr\u00e5gan \u201df\u00e5r\u201d diskuteras inom forumet, trots att el- och drivmedelspriserna p\u00e5verkar industrin i allra h\u00f6gsta grad.<\/p>\n\n\n\n<p>I \u00e4rlighetens namn saknades det inte orostecken. F\u00f6retr\u00e4dare f\u00f6r den S-ledda majoriteten sa i regionfullm\u00e4ktige att industriforum var s\u00e5 bra eftersom det inte kostade n\u00e5got mer \u00e4n kaffebr\u00f6det. (Med m\u00f6ten p\u00e5 distans har till och med denna kostnad uteblivit.) Men billigt fika v\u00e4ger inte upp att det saknas m\u00e5l och mening.<\/p>\n\n\n\n<p>Och \u00e4ven tiden har en kostnad. F\u00f6r f\u00f6retagare som deltar i forumet \u00e4r tiden som l\u00e4ggs p\u00e5 diskussioner i industriforumet tid som de ist\u00e4llet hade kunnat l\u00e4ggas p\u00e5 att utveckla sina f\u00f6retag. Sl\u00f6seri med tid \u00e4r inte gratis, det \u00e4r en j\u00e4ttekostnad som l\u00e4ggs p\u00e5 deltagarna.<\/p>\n\n\n\n<p>Vi har f\u00f6rs\u00f6kt att bidra till att ge industriforumet ett inneh\u00e5ll. Men som f\u00f6retr\u00e4dare f\u00f6r Kristdemokraterna och Moderaterna kan vi inte ta ansvar f\u00f6r hur forumet har utvecklats (eller undg\u00e5tt att utvecklas). Industriforum i dess nuvarande form bryter ner det \u00f6msesidiga f\u00f6rtroende som \u00e4r n\u00f6dv\u00e4ndigt mellan f\u00f6rtroendevalda och n\u00e4ringslivet. Om inte industriforumet nu \u00e4ntligen kommer ig\u00e5ng och b\u00f6rjar leverera n\u00e5got som skapar merv\u00e4rde f\u00f6r n\u00e4ringslivet kommer vi att l\u00e4mna det.<\/p>\n\n\n\n<p>Anders Andersson&nbsp;(KD), oppositionsr\u00e5d<br>P\u00e4r-Gustav Johansson&nbsp;(M), oppositionsr\u00e5d<\/p>\n","protected":false},"excerpt":{"rendered":"<p>Industrin \u00e4r helt avg\u00f6rande f\u00f6r Kalmar l\u00e4ns framtid. S\u00e5 n\u00e4r den S-ledda majoriteten f\u00f6rra \u00e5ret drog ig\u00e5ng ett forum f\u00f6r att fr\u00e4mja industrin i l\u00e4net l\u00e4t det b\u00e5de r\u00e4tt och vettigt. Tyv\u00e4rr m\u00e5ste vi konstatera att forumet har varit ett fiasko. \u00c4nnu ett \u00e5r efter att forumet startades finns det ingen klarhet om vad forumet [&hellip;]<\/p>\n","protected":false},"author":69,"featured_media":0,"comment_status":"closed","ping_status":"closed","sticky":false,"template":"","format":"standard","meta":{"_acf_changed":false,"_relevanssi_hide_post":"","_relevanssi_hide_content":"","_relevanssi_pin_for_all":"","_relevanssi_pin_keywords":"","_relevanssi_unpin_keywords":"","_relevanssi_related_keywords":"","_relevanssi_related_include_ids":"","_relevanssi_related_exclude_ids":"","_relevanssi_related_no_append":"","_relevanssi_related_not_related":"","_relevanssi_related_posts":"","_relevanssi_noindex_reason":"","footnotes":""},"categories":[1],"tags":[],"subject":[],"class_list":["post-2413","post","type-post","status-publish","format-standard","hentry","category-nyhet"],"acf":[],"publishpress_future_action":{"enabled":false,"date":"2026-05-06 21:31:24","action":"change-status","newStatus":"draft","terms":[],"taxonomy":"category"},"_links":{"self":[{"href":"https:\/\/moderaterna.se\/kalmar\/wp-json\/wp\/v2\/posts\/2413","targetHints":{"allow":["GET"]}}],"collection":[{"href":"https:\/\/moderaterna.se\/kalmar\/wp-json\/wp\/v2\/posts"}],"about":[{"href":"https:\/\/moderaterna.se\/kalmar\/wp-json\/wp\/v2\/types\/post"}],"author":[{"embeddable":true,"href":"https:\/\/moderaterna.se\/kalmar\/wp-json\/wp\/v2\/users\/69"}],"replies":[{"embeddable":true,"href":"https:\/\/moderaterna.se\/kalmar\/wp-json\/wp\/v2\/comments?post=2413"}],"version-history":[{"count":5,"href":"https:\/\/moderaterna.se\/kalmar\/wp-json\/wp\/v2\/posts\/2413\/revisions"}],"predecessor-version":[{"id":2423,"href":"https:\/\/moderaterna.se\/kalmar\/wp-json\/wp\/v2\/posts\/2413\/revisions\/2423"}],"wp:attachment":[{"href":"https:\/\/moderaterna.se\/kalmar\/wp-json\/wp\/v2\/media?parent=2413"}],"wp:term":[{"taxonomy":"category","embeddable":true,"href":"https:\/\/moderaterna.se\/kalmar\/wp-json\/wp\/v2\/categories?post=2413"},{"taxonomy":"post_tag","embeddable":true,"href":"https:\/\/moderaterna.se\/kalmar\/wp-json\/wp\/v2\/tags?post=2413"},{"taxonomy":"subject","embeddable":true,"href":"https:\/\/moderaterna.se\/kalmar\/wp-json\/wp\/v2\/subject?post=2413"}],"curies":[{"name":"wp","href":"https:\/\/api.w.org\/{rel}","templated":true}]}}