{"id":1076,"date":"2021-12-01T15:58:52","date_gmt":"2021-12-01T14:58:52","guid":{"rendered":"https:\/\/moderaterna.se\/?post_type=subject-post&#038;p=486"},"modified":"2026-01-05T10:46:25","modified_gmt":"2026-01-05T09:46:25","slug":"forsvar","status":"publish","type":"subject-post","link":"https:\/\/moderaterna.se\/gotland\/var-politik\/forsvar\/","title":{"rendered":"F\u00f6rsvar"},"content":{"rendered":"\n<h4 class=\"wp-block-heading\" id=\"h-omvarldslaget-kraver-stora-satsningar-pa-det-svenska-forsvaret\">Omv\u00e4rldsl\u00e4get kr\u00e4ver stora satsningar p\u00e5 det svenska f\u00f6rsvaret<\/h4>\n\n\n\n<p>Moderaterna \u00e4r p\u00e5drivande f\u00f6r att Sverige ska ha ett starkt och robust svenskt f\u00f6rsvar. Vi beh\u00f6ver skjuta till de resurser som kr\u00e4vs p\u00e5 b\u00e5de kort och l\u00e5ng sikt f\u00f6r att m\u00f6ta det f\u00f6rs\u00e4mrade s\u00e4kerhetsl\u00e4get och st\u00e5 rustade inf\u00f6r de globala hoten.\u00a0Regeringen genomf\u00f6r nu med stor beslutsamhet den st\u00f6rsta upprustningen av v\u00e5rt totalf\u00f6rsvar sedan 1950-talet.\u00a0<\/p>\n\n\n\n<p>Det fullskaliga kriget i Ukraina kommer definiera v\u00e5r utrikes- och s\u00e4kerhetspolitik under l\u00e5ng tid fram\u00f6ver. Kriget \u00e4r inte bara f\u00f6r\u00f6dande f\u00f6r det fria Ukraina utan utg\u00f6r ocks\u00e5 ett allvarligt hot mot freden i Europa och v\u00e4rlden i stort. Det ukrainska folket strider inte bara f\u00f6r sin egen \u00f6verlevnad utan k\u00e4mpar \u00e4ven f\u00f6r oss och demokratin. Sedan den fullskaliga invasionen har Moderaterna d\u00e4rf\u00f6r verkat f\u00f6r att ge Ukraina ett starkt st\u00f6d f\u00f6r att kunna f\u00f6rsvara sig mot Rysslands oprovocerade angrepp. Regeringen har ocks\u00e5 snabbt skalat upp det svenska milit\u00e4ra och civila st\u00f6det till Ukraina med l\u00f6pande st\u00f6dpaket i olika former.&nbsp;<\/p>\n\n\n\n<p>Sverige beh\u00f6ver samarbeta och skapa allianser med likasinnade l\u00e4nder f\u00f6r att st\u00e5 emot olika typer av angrepp. D\u00e4rf\u00f6r har Sverige g\u00e5tt med i Nato, n\u00e5got som Moderaterna har drivit l\u00e4nge. Medlemskapet i Nato g\u00f6r ocks\u00e5 att vi kan ha ett djupare f\u00f6rsvarssamarbete med v\u00e5ra nordiska grannl\u00e4nder.&nbsp;&nbsp;Det fullskaliga krig som nu p\u00e5g\u00e5r i v\u00e5rt n\u00e4romr\u00e5de har ocks\u00e5 visat att vi hade r\u00e4tt. Nato kommer att vara basen f\u00f6r hur vi organiserar f\u00f6rsvaret av Sverige. Hela Natos ansvar \u00e4r ocks\u00e5\u030a&nbsp;Sveriges ansvar. Vi ska vara en l\u00e5ngsiktig, lojal och engagerad medlem f\u00f6r att tillsammans kunna v\u00e4rna v\u00e5r frihet.<\/p>\n\n\n\n<p><strong>Moderaterna vill och arbetar f\u00f6r att:<\/strong><\/p>\n\n\n\n<ul class=\"wp-block-list\">\n<li>St\u00e4rka alla delar av det milit\u00e4ra f\u00f6rsvaret, bl.a. genom att s\u00e4kerst\u00e4lla f\u00f6rs\u00f6rjning av kompetent personal med goda anst\u00e4llningsvillkor, mer modern utrustning och en \u00f6kad \u00f6vningsverksamhet.<\/li>\n\n\n\n<li>Str\u00e4va efter en bred parlamentarisk f\u00f6rankring av den nya s\u00e4kerhetspolitiska h\u00e5llningen, inte minst genom f\u00f6rsvarsberedningen.<\/li>\n\n\n\n<li>Slutf\u00f6ra den milit\u00e4ra integrationen med Nato och vara en aktiv medlem som bidrar till alliansens avskr\u00e4ckning och f\u00f6rsvar.\u00a0<\/li>\n\n\n\n<li>Sverige \u00f6ver tid ska ha ett f\u00f6rsvarsanslag som garanterar en stark f\u00f6rsvarsf\u00f6rm\u00e5ga. F\u00f6rsvarsanslaget kommer stegvis att \u00f6ka till 2,6 procent av BNP. Utvecklingen av s\u00e4kerhetsl\u00e4get \u00e4r det som avg\u00f6r om det kan beh\u00f6vas mer resurser till f\u00f6rsvaret.<\/li>\n\n\n\n<li>L\u00e4ra oss av kriget i Ukraina exempelvis g\u00e4llande v\u00e4rdet av ett starkt luftf\u00f6rsvar, behovet av att satsa p\u00e5 ny teknik som dr\u00f6nare, att kunna bem\u00f6ta cyberangrepp, ha ett tillr\u00e4ckligt skydd f\u00f6r v\u00e5r infrastruktur och att ha en v\u00e4l fungerande f\u00f6rsvarsunderr\u00e4ttelse.<\/li>\n<\/ul>\n\n\n\n<p>L\u00e4s mer om v\u00e5r politik och vad regeringen g\u00f6r just nu p\u00e5 omr\u00e5det genom att klicka <a href=\"https:\/\/www.regeringen.se\/regeringens-politik\/militart-forsvar\/\">h\u00e4r\u00a0<\/a><\/p>\n","protected":false},"featured_media":0,"template":"","tags":[107],"class_list":["post-1076","subject-post","type-subject-post","status-publish","hentry","tag-importerad"],"acf":[],"_links":{"self":[{"href":"https:\/\/moderaterna.se\/gotland\/wp-json\/wp\/v2\/subject-post\/1076","targetHints":{"allow":["GET"]}}],"collection":[{"href":"https:\/\/moderaterna.se\/gotland\/wp-json\/wp\/v2\/subject-post"}],"about":[{"href":"https:\/\/moderaterna.se\/gotland\/wp-json\/wp\/v2\/types\/subject-post"}],"wp:attachment":[{"href":"https:\/\/moderaterna.se\/gotland\/wp-json\/wp\/v2\/media?parent=1076"}],"wp:term":[{"taxonomy":"post_tag","embeddable":true,"href":"https:\/\/moderaterna.se\/gotland\/wp-json\/wp\/v2\/tags?post=1076"}],"curies":[{"name":"wp","href":"https:\/\/api.w.org\/{rel}","templated":true}]}}