{"id":2101,"date":"2023-10-16T11:28:12","date_gmt":"2023-10-16T09:28:12","guid":{"rendered":"https:\/\/moderaterna.se\/gotland\/?p=2101"},"modified":"2023-10-16T11:31:00","modified_gmt":"2023-10-16T09:31:00","slug":"antligen-tar-vi-nasta-steg-mot-ny-ishall","status":"publish","type":"post","link":"https:\/\/moderaterna.se\/gotland\/nyhet\/antligen-tar-vi-nasta-steg-mot-ny-ishall\/","title":{"rendered":"\u00c4ntligen tar vi n\u00e4sta steg mot ny ishall"},"content":{"rendered":"\n<p><strong>Visby Roma Hockey har presenterat ett f\u00f6rslag till regionen d\u00e4r de bygger och driver en ny ishall enligt en modell som tidigare genomf\u00f6rts i andra kommuner bland annat V\u00e4xj\u00f6. I deras f\u00f6rslag bildar f\u00f6reningen ett fastighetsbolag f\u00f6r att uppf\u00f6ra ishallen och Region Gotland l\u00e5nar ut medel f\u00f6r investeringen och ger driftsst\u00f6d.<\/strong><\/p>\n\n\n\n<p><strong>Socialdemokraterna och Moderaterna i majoriteten st\u00e4ller sig positiva till f\u00f6rslaget och har nu lagt ett uppdrag till f\u00f6rvaltningen att unders\u00f6ka m\u00f6jligheten f\u00f6r att ta n\u00e4sta steg f\u00f6r att genomf\u00f6ra projektet enligt f\u00f6rslagen modell. Regiondirekt\u00f6ren ska \u00e5terkomma till regionstyrelsen under h\u00f6sten.&nbsp;<\/strong><\/p>\n\n\n\n<p><strong>Vi ser mycket positivt p\u00e5 det initiativ som kommit fr\u00e5n hockeyn. Det finns b\u00e5de engagemang och kompetens f\u00f6r att ta ansvar f\u00f6r utveckling och drift av ny ishall. Behovet \u00e4r tydligt beskrivet i de f\u00f6rdjupade underlag vi tagit fram och vi har en gemensam bild av hur nya isytor beh\u00f6ver se ut och var vi ska bygga. Vi g\u00e5r nu vidare med att ta fram ytterligare f\u00f6rdjupade underlag och ser fram emot att kunna g\u00e5 vidare f\u00f6r att f\u00f6rverkliga hockeyns behov.<\/strong><\/p>\n","protected":false},"excerpt":{"rendered":"<p>Visby Roma Hockey har presenterat ett f\u00f6rslag till regionen d\u00e4r de bygger och driver en ny ishall enligt en modell som tidigare genomf\u00f6rts i andra kommuner bland annat V\u00e4xj\u00f6. I deras f\u00f6rslag bildar f\u00f6reningen ett fastighetsbolag f\u00f6r att uppf\u00f6ra ishallen och Region Gotland l\u00e5nar ut medel f\u00f6r investeringen och ger driftsst\u00f6d. Socialdemokraterna och Moderaterna i [&hellip;]<\/p>\n","protected":false},"author":97,"featured_media":0,"comment_status":"closed","ping_status":"closed","sticky":false,"template":"","format":"standard","meta":{"_acf_changed":false,"_relevanssi_hide_post":"","_relevanssi_hide_content":"","_relevanssi_pin_for_all":"","_relevanssi_pin_keywords":"","_relevanssi_unpin_keywords":"","_relevanssi_related_keywords":"","_relevanssi_related_include_ids":"","_relevanssi_related_exclude_ids":"","_relevanssi_related_no_append":"","_relevanssi_related_not_related":"","_relevanssi_related_posts":"","_relevanssi_noindex_reason":"","footnotes":""},"categories":[1],"tags":[],"subject":[],"class_list":["post-2101","post","type-post","status-publish","format-standard","hentry","category-nyhet"],"acf":[],"publishpress_future_action":{"enabled":false,"date":"2026-05-07 11:47:16","action":"change-status","newStatus":"draft","terms":[],"taxonomy":"category"},"_links":{"self":[{"href":"https:\/\/moderaterna.se\/gotland\/wp-json\/wp\/v2\/posts\/2101","targetHints":{"allow":["GET"]}}],"collection":[{"href":"https:\/\/moderaterna.se\/gotland\/wp-json\/wp\/v2\/posts"}],"about":[{"href":"https:\/\/moderaterna.se\/gotland\/wp-json\/wp\/v2\/types\/post"}],"author":[{"embeddable":true,"href":"https:\/\/moderaterna.se\/gotland\/wp-json\/wp\/v2\/users\/97"}],"replies":[{"embeddable":true,"href":"https:\/\/moderaterna.se\/gotland\/wp-json\/wp\/v2\/comments?post=2101"}],"version-history":[{"count":4,"href":"https:\/\/moderaterna.se\/gotland\/wp-json\/wp\/v2\/posts\/2101\/revisions"}],"predecessor-version":[{"id":2108,"href":"https:\/\/moderaterna.se\/gotland\/wp-json\/wp\/v2\/posts\/2101\/revisions\/2108"}],"wp:attachment":[{"href":"https:\/\/moderaterna.se\/gotland\/wp-json\/wp\/v2\/media?parent=2101"}],"wp:term":[{"taxonomy":"category","embeddable":true,"href":"https:\/\/moderaterna.se\/gotland\/wp-json\/wp\/v2\/categories?post=2101"},{"taxonomy":"post_tag","embeddable":true,"href":"https:\/\/moderaterna.se\/gotland\/wp-json\/wp\/v2\/tags?post=2101"},{"taxonomy":"subject","embeddable":true,"href":"https:\/\/moderaterna.se\/gotland\/wp-json\/wp\/v2\/subject?post=2101"}],"curies":[{"name":"wp","href":"https:\/\/api.w.org\/{rel}","templated":true}]}}