{"id":2064,"date":"2023-10-04T11:49:41","date_gmt":"2023-10-04T09:49:41","guid":{"rendered":"https:\/\/moderaterna.se\/gotland\/?p=2064"},"modified":"2023-10-04T11:58:52","modified_gmt":"2023-10-04T09:58:52","slug":"stod-till-jordbrukare-efter-tuff-sommar","status":"publish","type":"post","link":"https:\/\/moderaterna.se\/gotland\/nyhet\/stod-till-jordbrukare-efter-tuff-sommar\/","title":{"rendered":"St\u00f6d till jordbrukare efter tuff sommar"},"content":{"rendered":"\n<p>M\u00e5nga jordbrukare har drabbats h\u00e5rt av \u00e5rets sommarv\u00e4der. Regeringen har d\u00e4rf\u00f6r givit beskedet att man v\u00e4xlar upp det ekonomiska st\u00f6det fr\u00e5n EU:s jordbruksreserv maximalt. Det kommer ge viss hj\u00e4lp kortsiktigt, men f\u00f6r att \u00f6ka jordbrukets l\u00e5ngsiktiga motst\u00e5ndskraft kr\u00e4vs st\u00e4rkt konkurrenskraft och \u00f6kad l\u00f6nsamhet. Det \u00e4r den m\u00e5ls\u00e4ttning som vi moderater och hela regeringen arbetar utifr\u00e5n.<\/p>\n\n\n\n<p>Den moderatledda regeringen f\u00f6resl\u00e5r att Sverige ska betala ut st\u00f6d p\u00e5 193 miljoner kronor till drabbade jordbrukare. Sverige v\u00e4xlar allts\u00e5 upp st\u00f6det fr\u00e5n EU:s jordbruksreserv med cirka 200 procent, vilket \u00e4r den maximala niv\u00e5n av nationell medfinansiering som till\u00e5ts i regelverket. Utg\u00e5ngspunkten \u00e4r att \u00e5tg\u00e4rderna ska riktas till f\u00f6retag som p\u00e5verkats av torka och nederb\u00f6rd d\u00e4r st\u00f6det bed\u00f6ms n\u00e5 b\u00e4st effekt, f\u00f6r att begr\u00e4nsa l\u00e5ngsiktiga konsekvenser f\u00f6r svensk livsmedelsproduktion.<\/p>\n\n\n\n<p>Regeringen f\u00f6resl\u00e5r ocks\u00e5 fortsatt st\u00f6d till produktion av g\u00f6dselbaserad biogas. Fr\u00e5n och med n\u00e4sta \u00e5r kommer st\u00f6det hanteras tillsammans med \u00f6vriga produktionsst\u00f6d f\u00f6r biogas och d\u00e4rf\u00f6r f\u00f6resl\u00e5s en h\u00f6jning av det gemensamma anslaget f\u00f6r dessa st\u00f6d med 200 miljoner kronor per \u00e5r fram till 2026. St\u00f6det syftar till att stimulera produktion av f\u00f6rnybar energi samt minska metangasutsl\u00e4ppen fr\u00e5n jordbruket. St\u00f6det minskar ocks\u00e5 f\u00f6retagens fossilberoende, st\u00e4rker deras beredskap och minskar deras s\u00e5rbarhet f\u00f6r h\u00f6ga energipriser.<\/p>\n\n\n\n<p>Arbetet f\u00f6r att s\u00e4nka priserna p\u00e5 drivmedel, st\u00e4rka svensk konkurrenskraft och \u00f6ka v\u00e5r motst\u00e5ndskraft mot kriser forts\u00e4tter med of\u00f6rminskad kraft. \u00c5rets h\u00f6stbudget \u00e4r bara ett av m\u00e5nga steg vi beh\u00f6ver ta p\u00e5 v\u00e4gen, men icke desto mindre ett viktigt s\u00e5dant.<\/p>\n\n\n\n<p><strong>Jesper Skalberg Karlsson (M)<\/strong><\/p>\n\n\n\n<p>Riksdagsledamot<\/p>\n\n\n\n<p><strong>Mikael Bladh (M)<\/strong><\/p>\n\n\n\n<p>Moderaterna Gotland<\/p>\n","protected":false},"excerpt":{"rendered":"<p>M\u00e5nga jordbrukare har drabbats h\u00e5rt av \u00e5rets sommarv\u00e4der. Regeringen har d\u00e4rf\u00f6r givit beskedet att man v\u00e4xlar upp det ekonomiska st\u00f6det fr\u00e5n EU:s jordbruksreserv maximalt. Det kommer ge viss hj\u00e4lp kortsiktigt, men f\u00f6r att \u00f6ka jordbrukets l\u00e5ngsiktiga motst\u00e5ndskraft kr\u00e4vs st\u00e4rkt konkurrenskraft och \u00f6kad l\u00f6nsamhet. Det \u00e4r den m\u00e5ls\u00e4ttning som vi moderater och hela regeringen arbetar utifr\u00e5n. [&hellip;]<\/p>\n","protected":false},"author":97,"featured_media":0,"comment_status":"closed","ping_status":"closed","sticky":false,"template":"","format":"standard","meta":{"_acf_changed":false,"_relevanssi_hide_post":"","_relevanssi_hide_content":"","_relevanssi_pin_for_all":"","_relevanssi_pin_keywords":"","_relevanssi_unpin_keywords":"","_relevanssi_related_keywords":"","_relevanssi_related_include_ids":"","_relevanssi_related_exclude_ids":"","_relevanssi_related_no_append":"","_relevanssi_related_not_related":"","_relevanssi_related_posts":"","_relevanssi_noindex_reason":"","footnotes":""},"categories":[1],"tags":[],"subject":[],"class_list":["post-2064","post","type-post","status-publish","format-standard","hentry","category-nyhet"],"acf":[],"publishpress_future_action":{"enabled":false,"date":"2026-05-08 22:47:43","action":"change-status","newStatus":"draft","terms":[],"taxonomy":"category"},"_links":{"self":[{"href":"https:\/\/moderaterna.se\/gotland\/wp-json\/wp\/v2\/posts\/2064","targetHints":{"allow":["GET"]}}],"collection":[{"href":"https:\/\/moderaterna.se\/gotland\/wp-json\/wp\/v2\/posts"}],"about":[{"href":"https:\/\/moderaterna.se\/gotland\/wp-json\/wp\/v2\/types\/post"}],"author":[{"embeddable":true,"href":"https:\/\/moderaterna.se\/gotland\/wp-json\/wp\/v2\/users\/97"}],"replies":[{"embeddable":true,"href":"https:\/\/moderaterna.se\/gotland\/wp-json\/wp\/v2\/comments?post=2064"}],"version-history":[{"count":3,"href":"https:\/\/moderaterna.se\/gotland\/wp-json\/wp\/v2\/posts\/2064\/revisions"}],"predecessor-version":[{"id":2068,"href":"https:\/\/moderaterna.se\/gotland\/wp-json\/wp\/v2\/posts\/2064\/revisions\/2068"}],"wp:attachment":[{"href":"https:\/\/moderaterna.se\/gotland\/wp-json\/wp\/v2\/media?parent=2064"}],"wp:term":[{"taxonomy":"category","embeddable":true,"href":"https:\/\/moderaterna.se\/gotland\/wp-json\/wp\/v2\/categories?post=2064"},{"taxonomy":"post_tag","embeddable":true,"href":"https:\/\/moderaterna.se\/gotland\/wp-json\/wp\/v2\/tags?post=2064"},{"taxonomy":"subject","embeddable":true,"href":"https:\/\/moderaterna.se\/gotland\/wp-json\/wp\/v2\/subject?post=2064"}],"curies":[{"name":"wp","href":"https:\/\/api.w.org\/{rel}","templated":true}]}}