{"id":1699,"date":"2022-08-01T08:00:00","date_gmt":"2022-08-01T06:00:00","guid":{"rendered":"https:\/\/moderaterna.se\/gotland\/?p=1699"},"modified":"2022-08-05T10:10:33","modified_gmt":"2022-08-05T08:10:33","slug":"lagra-mer-vatten","status":"publish","type":"post","link":"https:\/\/moderaterna.se\/gotland\/nyhet\/lagra-mer-vatten\/","title":{"rendered":"Lagra mer vatten p\u00e5 Gotland"},"content":{"rendered":"\n<p>Idag skriver f\u00f6retr\u00e4dare f\u00f6r Moderaterna och Centerpartiet i Gotlands Tidningar om vattensituationen p\u00e5 \u00f6n. Du kan l\u00e4sa artikeln h\u00e4r:<\/p>\n\n\n\n<p>Under Almedalsveckan var ett f\u00f6rslag om att lagra mer vatten i landskapet p\u00e5 lokalnyheterna. Centerpartiet och Moderaterna i Tekniska n\u00e4mnden har under den h\u00e4r mandatperioden med stort intresse f\u00f6ljt flera f\u00f6rslag till nyt\u00e4nkande inom den nu liggande VA-strategin f\u00f6r Region Gotland.&nbsp;<\/p>\n\n\n\n<p>Flera olika medborgarf\u00f6rslag har l\u00e4mnats in kring denna fr\u00e5ga de senaste \u00e5ren. Nu senast f\u00f6re sommaren l\u00e4mnades en justerad variant in som g\u00e5r ut p\u00e5 att skapa st\u00f6rre vattenmagasin nedstr\u00f6ms Tingst\u00e4de tr\u00e4sks br\u00e4ddningspunkt som \u00e4r Ire\u00e5n. Vintertid tvingas Region Gotland i dagsl\u00e4get sl\u00e4ppa ut stora m\u00e4ngder \u00f6verskottsvatten till Ire\u00e5n f\u00f6r att uppfylla vattendomen. Eftersom Regionens VA-avdelning bed\u00f6mt det som sv\u00e5rt att f\u00e5 milj\u00f6tillst\u00e5nd f\u00f6r att h\u00f6ja vattenniv\u00e5n i Tingst\u00e4de tr\u00e4sk ytterligare och p\u00e5 s\u00e5 vis ta tillvara p\u00e5 mer dricksvatten, s\u00e5 bed\u00f6ms detta nya medborgarf\u00f6rslag vara en mycket bra alternativ l\u00f6sning.<\/p>\n\n\n\n<p>F\u00f6rslaget \u00e4r utformat s\u00e5 att \u00f6verskottsvatten lagras i ett eller flera stora magasin l\u00e4ngs med Ire\u00e5n ist\u00e4llet f\u00f6r att vattnet som nu rinner onyttjat ut i havet. Sedan \u00e4r tanken att det magasinerade vattnet med ledningar pumpas tillbaka upp till Tingst\u00e4detr\u00e4sk f\u00f6r att anv\u00e4ndas sommartid n\u00e4r vattenbristen \u00e4r som st\u00f6rst och n\u00e4r magasineringsutrymmet i Tingst\u00e4de tr\u00e4sk \u00e5nyo r\u00e4cker till. En f\u00f6rdel med f\u00f6rslaget \u00e4r att det inte kr\u00e4ver s\u00e4rskilt stora nya ytterligare investeringar f\u00f6r sj\u00e4lva vattenreningen i reningsverket och inte heller fler l\u00e5nga VA-ledningar \u00e4nda till Visby.<\/p>\n\n\n\n<p>Centerpartiet och Moderaterna tycker att detta nya medborgarf\u00f6rslag \u00e4r s\u00e5 relevant, viktigt och r\u00e4tt i tiden att vi i \u00e5rets valr\u00f6relse f\u00f6r Regionvalet gemensamt l\u00e4gger fram detta som ett politiskt f\u00f6rslag inf\u00f6r n\u00e4sta mandatperiod.<\/p>\n\n\n\n<p><strong>Karl-Johan Boberg (C)<\/strong><br>Ordf\u00f6rande Tekniska n\u00e4mnden<\/p>\n\n\n\n<p><strong>Lina Runander (M)<\/strong><br>1:e Vice Ordf\u00f6rande Tekniska n\u00e4mnden<\/p>\n\n\n\n<p><strong>Gabriella Hammarskj\u00f6ld (C)<\/strong><br>Ledamot Tekniska n\u00e4mnden<\/p>\n\n\n\n<p><strong>Mariette Nicander (M)<\/strong><br>Ers\u00e4ttare Tekniska n\u00e4mnden<\/p>\n","protected":false},"excerpt":{"rendered":"<p>Idag skriver f\u00f6retr\u00e4dare f\u00f6r Moderaterna och Centerpartiet i Gotlands Tidningar om vattensituationen p\u00e5 \u00f6n. Du kan l\u00e4sa artikeln h\u00e4r: Under Almedalsveckan var ett f\u00f6rslag om att lagra mer vatten i landskapet p\u00e5 lokalnyheterna. Centerpartiet och Moderaterna i Tekniska n\u00e4mnden har under den h\u00e4r mandatperioden med stort intresse f\u00f6ljt flera f\u00f6rslag till nyt\u00e4nkande inom den nu [&hellip;]<\/p>\n","protected":false},"author":18,"featured_media":1700,"comment_status":"closed","ping_status":"closed","sticky":false,"template":"","format":"standard","meta":{"_acf_changed":false,"_relevanssi_hide_post":"","_relevanssi_hide_content":"","_relevanssi_pin_for_all":"","_relevanssi_pin_keywords":"","_relevanssi_unpin_keywords":"","_relevanssi_related_keywords":"","_relevanssi_related_include_ids":"","_relevanssi_related_exclude_ids":"","_relevanssi_related_no_append":"","_relevanssi_related_not_related":"","_relevanssi_related_posts":"","_relevanssi_noindex_reason":"","footnotes":""},"categories":[1],"tags":[],"subject":[],"class_list":["post-1699","post","type-post","status-publish","format-standard","has-post-thumbnail","hentry","category-nyhet"],"acf":[],"publishpress_future_action":{"enabled":false,"date":"2026-05-08 16:38:57","action":"change-status","newStatus":"draft","terms":[],"taxonomy":"category"},"_links":{"self":[{"href":"https:\/\/moderaterna.se\/gotland\/wp-json\/wp\/v2\/posts\/1699","targetHints":{"allow":["GET"]}}],"collection":[{"href":"https:\/\/moderaterna.se\/gotland\/wp-json\/wp\/v2\/posts"}],"about":[{"href":"https:\/\/moderaterna.se\/gotland\/wp-json\/wp\/v2\/types\/post"}],"author":[{"embeddable":true,"href":"https:\/\/moderaterna.se\/gotland\/wp-json\/wp\/v2\/users\/18"}],"replies":[{"embeddable":true,"href":"https:\/\/moderaterna.se\/gotland\/wp-json\/wp\/v2\/comments?post=1699"}],"version-history":[{"count":2,"href":"https:\/\/moderaterna.se\/gotland\/wp-json\/wp\/v2\/posts\/1699\/revisions"}],"predecessor-version":[{"id":1702,"href":"https:\/\/moderaterna.se\/gotland\/wp-json\/wp\/v2\/posts\/1699\/revisions\/1702"}],"wp:featuredmedia":[{"embeddable":true,"href":"https:\/\/moderaterna.se\/gotland\/wp-json\/wp\/v2\/media\/1700"}],"wp:attachment":[{"href":"https:\/\/moderaterna.se\/gotland\/wp-json\/wp\/v2\/media?parent=1699"}],"wp:term":[{"taxonomy":"category","embeddable":true,"href":"https:\/\/moderaterna.se\/gotland\/wp-json\/wp\/v2\/categories?post=1699"},{"taxonomy":"post_tag","embeddable":true,"href":"https:\/\/moderaterna.se\/gotland\/wp-json\/wp\/v2\/tags?post=1699"},{"taxonomy":"subject","embeddable":true,"href":"https:\/\/moderaterna.se\/gotland\/wp-json\/wp\/v2\/subject?post=1699"}],"curies":[{"name":"wp","href":"https:\/\/api.w.org\/{rel}","templated":true}]}}