{"id":1575,"date":"2022-05-29T08:00:00","date_gmt":"2022-05-29T06:00:00","guid":{"rendered":"https:\/\/moderaterna.se\/gotland\/?p=1575"},"modified":"2022-05-30T07:58:57","modified_gmt":"2022-05-30T05:58:57","slug":"mors-dag","status":"publish","type":"post","link":"https:\/\/moderaterna.se\/gotland\/nyhet\/mors-dag\/","title":{"rendered":"(M)orsdagspresent: j\u00e4mst\u00e4lld v\u00e5rd"},"content":{"rendered":"\n<p>I samband med mors dag skriver <a href=\"https:\/\/moderaterna.se\/gotland\/politiker\/sara-wilhelmsson\/\">Sara Wilhelmsson<\/a> (M) och Jesper Skalberg Karlsson (M) i GA om hur v\u00e5rden kan bli mer j\u00e4mst\u00e4lld. Du kan l\u00e4sa artikeln h\u00e4r:<\/p>\n\n\n\n<p><strong>Sverige \u00e4r ett av v\u00e4rldens mest j\u00e4mst\u00e4llda l\u00e4nder. M\u00e5nga framsteg har gjorts som vi kan vara stolta \u00f6ver, inte minst inom sjukv\u00e5rden. Men vi ska inte trona p\u00e5 fornstora dagar \u2013 mer m\u00e5ste g\u00f6ras f\u00f6r att s\u00e4kerst\u00e4lla en b\u00e4ttre sjukv\u00e5rd genom hela livet.<\/strong><\/p>\n\n\n\n<p>Kvinnors sjukdomar har b\u00e5de inom forskning och kliniskt arbete varit eftersatt under l\u00e5ng tid. Det finns omr\u00e5den med stora kunskapsluckor om hur skillnaden mellan k\u00f6nen tar sig uttryck b\u00e5de g\u00e4llande symptom, sm\u00e4rta samt reaktion p\u00e5 l\u00e4kemedel. Kvinnor m\u00e5ste uttrycka mer sm\u00e4rta f\u00f6r att f\u00e5 samma behandling som m\u00e4n. Hj\u00e4rt- och k\u00e4rlsjukdomar drabbar b\u00e5da k\u00f6nen i lika h\u00f6g grad. \u00c4nd\u00e5 f\u00e5r kvinnor inte lika bra hj\u00e4rtv\u00e5rd som m\u00e4n vid hj\u00e4rtinfarkt. Kvinnor kan exempelvis f\u00e5 felst\u00e4llda diagnoser p\u00e5 grund av att deras kransk\u00e4rl ser normala ut, trots att kvinnor kan ha hj\u00e4rtinfarkt utan f\u00f6rtr\u00e4ngningar i kransk\u00e4rlen.<\/p>\n\n\n\n<p>Ett annat exempel p\u00e5 en underdiagnostiserad och underbehandlad sjukdom \u00e4r endometrios. F\u00f6r den som drabbats inneb\u00e4r det inte bara stor sm\u00e4rta utan ocks\u00e5 perioder av sjukskrivningar och upprepade kirurgiska ingrepp med stor p\u00e5verkan p\u00e5 vardagen. En j\u00e4mst\u00e4lld v\u00e5rd kr\u00e4ver att kvinnors sm\u00e4rta tas p\u00e5 allvar och att det satsas p\u00e5 forskning kring kvinnosjukdomar. Det kr\u00e4vs ocks\u00e5 ett nationellt kunskapslyft om kvinnosjukdomar inom prim\u00e4rv\u00e5rden. Detta samtidigt som prim\u00e4rv\u00e5rden f\u00e5r en st\u00f6rre andel av sjukv\u00e5rdens budget med ett m\u00e5l om minskade v\u00e4ntetider.<\/p>\n\n\n\n<p>F\u00f6rlossningsv\u00e5rden har blivit mer j\u00e4mlik och arbetar mer h\u00e4lsof\u00f6rebyggande. M\u00e5nga regioner g\u00f6r nu stora satsningar f\u00f6r att rekrytera och beh\u00e5lla medarbetare samt leva upp till m\u00e5ls\u00e4ttningen om en barnmorska per f\u00f6dande. Men Sverige ligger relativt h\u00f6gt g\u00e4llande kvinnor som drabbas av allvarliga bristningar i samband med f\u00f6rlossning. V\u00e5rden beh\u00f6ver f\u00f6rb\u00e4ttra m\u00f6jligheterna att f\u00f6rebygga, f\u00f6lja upp och behandla f\u00f6rlossningsskador. D\u00e4rf\u00f6r vill vi att f\u00f6rlossningsv\u00e5rden ska st\u00e4rkas. Str\u00e4van ska vara att se till att f\u00f6dande kvinnor kan ha tillg\u00e5ng till samma team av barnmorskor fr\u00e5n m\u00f6drav\u00e5rd till efterv\u00e5rd.<\/p>\n\n\n\n<p>Moderaternas fr\u00e4msta motst\u00e5ndare i sjukv\u00e5rdspolitiken \u00e4r de l\u00e5nga v\u00e4ntetiderna i v\u00e5rden, oj\u00e4mst\u00e4lldheten i delar av v\u00e5rden och h\u00f6ga kostnader som inte ger b\u00e4ttre sjukv\u00e5rd. Inte andra partier. Vi \u00e4r alternativet f\u00f6r dig som vill f\u00f6rb\u00e4ttra v\u00e5rden f\u00f6r kvinnor genom hela livet.<\/p>\n\n\n\n<p><strong>Jesper Skalberg Karlsson (M)<\/strong><br>Riksdagskandidat<\/p>\n\n\n\n<p><strong>Sara Wilhelmsson (M)<\/strong><br>H\u00e4lso- och sjukv\u00e5rdsn\u00e4mnden<\/p>\n","protected":false},"excerpt":{"rendered":"<p>I samband med mors dag skriver Sara Wilhelmsson (M) och Jesper Skalberg Karlsson (M) i GA om hur v\u00e5rden kan bli mer j\u00e4mst\u00e4lld. Du kan l\u00e4sa artikeln h\u00e4r: Sverige \u00e4r ett av v\u00e4rldens mest j\u00e4mst\u00e4llda l\u00e4nder. M\u00e5nga framsteg har gjorts som vi kan vara stolta \u00f6ver, inte minst inom sjukv\u00e5rden. Men vi ska inte trona [&hellip;]<\/p>\n","protected":false},"author":18,"featured_media":880,"comment_status":"closed","ping_status":"closed","sticky":false,"template":"","format":"standard","meta":{"_acf_changed":false,"_relevanssi_hide_post":"","_relevanssi_hide_content":"","_relevanssi_pin_for_all":"","_relevanssi_pin_keywords":"","_relevanssi_unpin_keywords":"","_relevanssi_related_keywords":"","_relevanssi_related_include_ids":"","_relevanssi_related_exclude_ids":"","_relevanssi_related_no_append":"","_relevanssi_related_not_related":"","_relevanssi_related_posts":"","_relevanssi_noindex_reason":"","footnotes":""},"categories":[1],"tags":[],"subject":[],"class_list":["post-1575","post","type-post","status-publish","format-standard","has-post-thumbnail","hentry","category-nyhet"],"acf":[],"publishpress_future_action":{"enabled":false,"date":"2026-05-07 23:38:57","action":"change-status","newStatus":"draft","terms":[],"taxonomy":"category"},"_links":{"self":[{"href":"https:\/\/moderaterna.se\/gotland\/wp-json\/wp\/v2\/posts\/1575","targetHints":{"allow":["GET"]}}],"collection":[{"href":"https:\/\/moderaterna.se\/gotland\/wp-json\/wp\/v2\/posts"}],"about":[{"href":"https:\/\/moderaterna.se\/gotland\/wp-json\/wp\/v2\/types\/post"}],"author":[{"embeddable":true,"href":"https:\/\/moderaterna.se\/gotland\/wp-json\/wp\/v2\/users\/18"}],"replies":[{"embeddable":true,"href":"https:\/\/moderaterna.se\/gotland\/wp-json\/wp\/v2\/comments?post=1575"}],"version-history":[{"count":4,"href":"https:\/\/moderaterna.se\/gotland\/wp-json\/wp\/v2\/posts\/1575\/revisions"}],"predecessor-version":[{"id":1579,"href":"https:\/\/moderaterna.se\/gotland\/wp-json\/wp\/v2\/posts\/1575\/revisions\/1579"}],"wp:featuredmedia":[{"embeddable":true,"href":"https:\/\/moderaterna.se\/gotland\/wp-json\/wp\/v2\/media\/880"}],"wp:attachment":[{"href":"https:\/\/moderaterna.se\/gotland\/wp-json\/wp\/v2\/media?parent=1575"}],"wp:term":[{"taxonomy":"category","embeddable":true,"href":"https:\/\/moderaterna.se\/gotland\/wp-json\/wp\/v2\/categories?post=1575"},{"taxonomy":"post_tag","embeddable":true,"href":"https:\/\/moderaterna.se\/gotland\/wp-json\/wp\/v2\/tags?post=1575"},{"taxonomy":"subject","embeddable":true,"href":"https:\/\/moderaterna.se\/gotland\/wp-json\/wp\/v2\/subject?post=1575"}],"curies":[{"name":"wp","href":"https:\/\/api.w.org\/{rel}","templated":true}]}}