{"id":1523,"date":"2022-04-24T11:22:40","date_gmt":"2022-04-24T09:22:40","guid":{"rendered":"https:\/\/moderaterna.se\/gotland\/?p=1523"},"modified":"2022-04-24T11:23:12","modified_gmt":"2022-04-24T09:23:12","slug":"korta-vantetiderna-for-pass-pa-gotland","status":"publish","type":"post","link":"https:\/\/moderaterna.se\/gotland\/nyhet\/korta-vantetiderna-for-pass-pa-gotland\/","title":{"rendered":"Korta v\u00e4ntetiderna f\u00f6r pass p\u00e5 Gotland"},"content":{"rendered":"\n<p>I en nyligen publicerad artikel skriver Jesper Skalberg Karlsson (M) och Johan Forssell (M) om passkrisen. Du kan l\u00e4sa artikeln h\u00e4r:<\/p>\n\n\n\n<p>P\u00e5skresan inst\u00e4lld? Sommarplanerna hotade? Tacka regeringen f\u00f6r det. Polisen har l\u00e4nge varnat f\u00f6r att k\u00f6erna f\u00f6r att f\u00f6rnya pass skulle kunna bli l\u00e5nga efter pandemin \u2013 \u00e4nd\u00e5 har tillr\u00e4ckliga \u00e5tg\u00e4rder uteblivit. F\u00f6ljden har blivit att familjer nu tvingas resa tv\u00e4rs \u00f6ver landet f\u00f6r att kunna f\u00f6rnya sina pass. \u201dPassturism\u201d har blivit ett uttryck. Nu kr\u00e4vs \u00e5tg\u00e4rder f\u00f6r att effektivisera passhanteringen p\u00e5 b\u00e5de kort och l\u00e5ng sikt.<\/p>\n\n\n\n<p>Sommaren och semestrarna st\u00e5r snart f\u00f6r d\u00f6rren. \u00c4ven om vi alla vet att sommaren p\u00e5 Gotland \u00e4r fantastisk s\u00e5 \u00e4r det m\u00e5nga som planerar en efterl\u00e4ngtad utlandsresa, s\u00e4rskilt efter att restriktionerna med anledning av pandemin nu l\u00e4ttats. Och det borde inte vara ett problem \u2013 men det \u00e4r det f\u00f6r den som f\u00f6rst beh\u00f6ver f\u00f6rnya sitt pass. I flera l\u00e4n kan man f\u00e5 v\u00e4nta l\u00e5ngt in p\u00e5 h\u00f6sten, eller fram tills n\u00e4sta \u00e5r, f\u00f6r en tid. N\u00e4sta lediga tid p\u00e5 Gotland \u00e4r i slutet av november.<\/p>\n\n\n\n<p>Regeringen m\u00e5ste omedelbart ta fram en handlingsplan f\u00f6r att v\u00e4sentligt korta v\u00e4ntetiderna f\u00f6r att f\u00e5 ut ett nytt pass. H\u00e4r och nu handlar det bland annat om att ge Polisen ett tydligt uppdrag att ut\u00f6ka \u00f6ppettiderna \u2013 t.ex. till kv\u00e4llar och helger. Vidare m\u00e5ste regeringen se till att alla m\u00f6jligheter att s\u00e4lja passtider vidare i en parallell andrahandsmarknad stoppas. Det \u00e4r bra att Polisen har uppdaterat sina system s\u00e5 att det nu kr\u00e4vs f\u00f6r- och efternamn samt en kontrollmekanism mot robotar. Men mer kommer att kr\u00e4vas.<\/p>\n\n\n\n<p>P\u00e5 l\u00e4ngre sikt beh\u00f6ver Polisens uppdrag renodlas. Fokus f\u00f6r Polisen m\u00e5ste vara att f\u00f6rebygga, ingripa mot och utreda brott. Detta \u00e4r s\u00e4rskilt viktigt i ett l\u00e4ge d\u00e4r d\u00f6dsskjutningarna \u00e4r fler \u00e4n n\u00e5gonsin tidigare. Moderaterna har sedan innan f\u00f6rra valet f\u00f6reslagit en renodling av Polisens uppgifter \u2013 att bland annat passhanteringen ska flyttas till en annan myndighet. Den nuvarande situationen har lett till att Polisen tvingas prioritera ner mindre brottslighet f\u00f6r passhanteringens skull. Det \u00e4r inte rimligt att brottsbek\u00e4mpning riskerar att bli lidande n\u00e4r Polisen g\u00f6r allt de kan f\u00f6r att l\u00f6sa passkrisen.<\/p>\n\n\n\n<p>Ytterst faller ansvaret f\u00f6r passkrisen p\u00e5 regeringen. Att man inte \u201ds\u00e5g det komma\u201d duger inte som f\u00f6rklaring n\u00e4r Polisen varnat f\u00f6r detta scenario i \u00f6ver ett \u00e5rs tid. Sverige \u00e4r inget U-land \u2013 att kunna f\u00f6rnya sitt pass utan att beh\u00f6va v\u00e4nta i ett halv\u00e5r borde vara en sj\u00e4lvklarhet. En moderatledd regering kommer efter valet att prioritera en renodling av polisens uppdrag s\u00e5 att b\u00e5de brottsbek\u00e4mpning och passhantering kan ske s\u00e5 effektivt som m\u00f6jligt.<\/p>\n\n\n\n<p><strong>Johan Forssell (M)<\/strong><br>R\u00e4ttspolitisk talesperson<\/p>\n\n\n\n<p><strong>Jesper Skalberg Karlsson (M)<\/strong><br>Riksdagskandidat<\/p>\n","protected":false},"excerpt":{"rendered":"<p>I en nyligen publicerad artikel skriver Jesper Skalberg Karlsson (M) och Johan Forssell (M) om passkrisen. Du kan l\u00e4sa artikeln h\u00e4r: P\u00e5skresan inst\u00e4lld? Sommarplanerna hotade? Tacka regeringen f\u00f6r det. Polisen har l\u00e4nge varnat f\u00f6r att k\u00f6erna f\u00f6r att f\u00f6rnya pass skulle kunna bli l\u00e5nga efter pandemin \u2013 \u00e4nd\u00e5 har tillr\u00e4ckliga \u00e5tg\u00e4rder uteblivit. F\u00f6ljden har blivit [&hellip;]<\/p>\n","protected":false},"author":18,"featured_media":893,"comment_status":"closed","ping_status":"closed","sticky":false,"template":"","format":"standard","meta":{"_acf_changed":false,"_relevanssi_hide_post":"","_relevanssi_hide_content":"","_relevanssi_pin_for_all":"","_relevanssi_pin_keywords":"","_relevanssi_unpin_keywords":"","_relevanssi_related_keywords":"","_relevanssi_related_include_ids":"","_relevanssi_related_exclude_ids":"","_relevanssi_related_no_append":"","_relevanssi_related_not_related":"","_relevanssi_related_posts":"","_relevanssi_noindex_reason":"","footnotes":""},"categories":[1],"tags":[],"subject":[],"class_list":["post-1523","post","type-post","status-publish","format-standard","has-post-thumbnail","hentry","category-nyhet"],"acf":[],"publishpress_future_action":{"enabled":false,"date":"2026-05-07 18:29:25","action":"change-status","newStatus":"draft","terms":[],"taxonomy":"category"},"_links":{"self":[{"href":"https:\/\/moderaterna.se\/gotland\/wp-json\/wp\/v2\/posts\/1523","targetHints":{"allow":["GET"]}}],"collection":[{"href":"https:\/\/moderaterna.se\/gotland\/wp-json\/wp\/v2\/posts"}],"about":[{"href":"https:\/\/moderaterna.se\/gotland\/wp-json\/wp\/v2\/types\/post"}],"author":[{"embeddable":true,"href":"https:\/\/moderaterna.se\/gotland\/wp-json\/wp\/v2\/users\/18"}],"replies":[{"embeddable":true,"href":"https:\/\/moderaterna.se\/gotland\/wp-json\/wp\/v2\/comments?post=1523"}],"version-history":[{"count":4,"href":"https:\/\/moderaterna.se\/gotland\/wp-json\/wp\/v2\/posts\/1523\/revisions"}],"predecessor-version":[{"id":1527,"href":"https:\/\/moderaterna.se\/gotland\/wp-json\/wp\/v2\/posts\/1523\/revisions\/1527"}],"wp:featuredmedia":[{"embeddable":true,"href":"https:\/\/moderaterna.se\/gotland\/wp-json\/wp\/v2\/media\/893"}],"wp:attachment":[{"href":"https:\/\/moderaterna.se\/gotland\/wp-json\/wp\/v2\/media?parent=1523"}],"wp:term":[{"taxonomy":"category","embeddable":true,"href":"https:\/\/moderaterna.se\/gotland\/wp-json\/wp\/v2\/categories?post=1523"},{"taxonomy":"post_tag","embeddable":true,"href":"https:\/\/moderaterna.se\/gotland\/wp-json\/wp\/v2\/tags?post=1523"},{"taxonomy":"subject","embeddable":true,"href":"https:\/\/moderaterna.se\/gotland\/wp-json\/wp\/v2\/subject?post=1523"}],"curies":[{"name":"wp","href":"https:\/\/api.w.org\/{rel}","templated":true}]}}