{"id":1523,"date":"2022-06-12T13:42:57","date_gmt":"2022-06-12T11:42:57","guid":{"rendered":"https:\/\/moderaterna.se\/gavleborg\/?post_type=subject-post&#038;p=1523"},"modified":"2022-06-12T17:02:06","modified_gmt":"2022-06-12T15:02:06","slug":"migration-och-integration","status":"publish","type":"subject-post","link":"https:\/\/moderaterna.se\/gavleborg\/var-politik\/migration-och-integration\/","title":{"rendered":"Migration och integration"},"content":{"rendered":"\n<p><\/p>\n\n\n\n<p>Idag finns det fler utrikes f\u00f6dda i G\u00e4vleborg som inte har syssels\u00e4ttning och inte \u00e4r sj\u00e4lvf\u00f6rs\u00f6rjande \u00e4n utrikesf\u00f6dda som \u00e4r sj\u00e4lvf\u00f6rs\u00f6rjande. Detta riskerar att leda till att personerna hamnar i ett l\u00e5ngvarigt bidragsberoende och utanf\u00f6rskap.&nbsp; Konsekvenserna av utanf\u00f6rskap \u00e4r stora b\u00e5de f\u00f6r individen och f\u00f6r samh\u00e4llet, skatteint\u00e4kterna blir l\u00e4gre och utgifterna h\u00f6gre. Varje krona som g\u00e5r till bidrag \u00e4r en krona som ist\u00e4llet skulle kunna anv\u00e4ndas till skola, v\u00e5rd och polis. Oroande \u00e4r ocks\u00e5 att barn i h\u00f6g utstr\u00e4ckning tenderar att \u00e4rva sina f\u00f6r\u00e4ldrars utanf\u00f6rskap och bidragsberoende. Den utsatthet som utanf\u00f6rskap inneb\u00e4r leder till \u00f6kad otrygghet och en k\u00e4nsla av att inte vara fri. Idag anv\u00e4nds offentliga medel till vad som kan f\u00f6rsv\u00e5ra integrationen i det svenska samh\u00e4llet, exempelvis sker modersm\u00e5lsundervisning p\u00e5 bekostnad av undervisning i det svenska spr\u00e5ket. F\u00f6reningar som \u00e4r till f\u00f6r vissa etniska grupper kan inte anses underl\u00e4tta f\u00f6r detta, utan snarare riskera att f\u00f6rsv\u00e5ra, integrationen i det svenska samh\u00e4llet.<\/p>\n\n\n\n<p>Stora insatser kr\u00e4vs f\u00f6r att st\u00e4rka integrationen och hantera konsekvenserna av den tidigare stora migrationen. Fler ska g\u00e5 fr\u00e5n utanf\u00f6rskap till jobb, ett bidragstak inf\u00f6rs f\u00f6r att det aldrig ska l\u00f6na sig b\u00e4ttre att leva p\u00e5 bidrag \u00e4n p\u00e5 en l\u00f6n. Det svenska spr\u00e5ket \u00e4r nyckeln f\u00f6r att bli en del av, f\u00f6rst\u00e5 och g\u00f6ra sig f\u00f6rst\u00e5dd i det svenska samh\u00e4llet. D\u00e4rf\u00f6r inf\u00f6rs spr\u00e5kkrav f\u00f6r att fler ska l\u00e4ra sig svenska. Undervisning i modersm\u00e5let kan vara positivt ur andra aspekter, till exempel att Sverige f\u00e5r personer som beh\u00e4rskar flera spr\u00e5k. Men undervisningen i modersm\u00e5let f\u00e5r inte schemal\u00e4ggas s\u00e5 att den sker p\u00e5 tid f\u00f6r undervisningen i svenska. Invandringen ska alltid bidra positivt till Sverige och till G\u00e4vleborg, f\u00f6r att f\u00e5 permanent uppeh\u00e5llstillst\u00e5nd ska personen ifr\u00e5ga klara sitt uppeh\u00e4lle.<\/p>\n\n\n\n<p>F\u00f6reningar som enbart \u00e4r till f\u00f6r vissa etniska grupper kan inte anses underl\u00e4tta och p\u00e5skynda integrationen i det svenska samh\u00e4llet. Bidrag till f\u00f6reningar som enbart \u00e4r till f\u00f6r vissa etniska grupper ska d\u00e4rf\u00f6r avskaffas.<\/p>\n\n\n\n<p><strong>Moderaterna G\u00e4vleborg ska verka f\u00f6r:<\/strong><\/p>\n\n\n\n<ul class=\"wp-block-list\"><li>Att invandringen ska vara bra f\u00f6r Sverige.<\/li><li>Inf\u00f6rande av ett bidragstak i f\u00f6rs\u00f6rjningsst\u00f6det.<\/li><li>Inf\u00f6rande av tydliga krav p\u00e5 att invandrare ska l\u00e4ra sig svenska.<\/li><li>Att f\u00f6r permanent uppeh\u00e5llstillst\u00e5nd ska personen ifr\u00e5ga klara sitt uppeh\u00e4lle sj\u00e4lv.<\/li><li>Att modersm\u00e5lsundervisning ej f\u00e5r ske p\u00e5 bekostnad av undervisning i svenska spr\u00e5ket.&nbsp;<\/li><li>Avskaffande av bidragen f\u00f6r etniskt definierade f\u00f6reningar.&nbsp;<\/li><\/ul>\n","protected":false},"featured_media":0,"template":"","tags":[],"class_list":["post-1523","subject-post","type-subject-post","status-publish","hentry"],"acf":[],"_links":{"self":[{"href":"https:\/\/moderaterna.se\/gavleborg\/wp-json\/wp\/v2\/subject-post\/1523","targetHints":{"allow":["GET"]}}],"collection":[{"href":"https:\/\/moderaterna.se\/gavleborg\/wp-json\/wp\/v2\/subject-post"}],"about":[{"href":"https:\/\/moderaterna.se\/gavleborg\/wp-json\/wp\/v2\/types\/subject-post"}],"wp:attachment":[{"href":"https:\/\/moderaterna.se\/gavleborg\/wp-json\/wp\/v2\/media?parent=1523"}],"wp:term":[{"taxonomy":"post_tag","embeddable":true,"href":"https:\/\/moderaterna.se\/gavleborg\/wp-json\/wp\/v2\/tags?post=1523"}],"curies":[{"name":"wp","href":"https:\/\/api.w.org\/{rel}","templated":true}]}}